{"id":11627,"date":"2013-02-11T14:54:05","date_gmt":"2013-02-11T19:54:05","guid":{"rendered":"http:\/\/www.law.stetson.edu\/news\/?p=11627"},"modified":"2014-04-03T13:46:24","modified_gmt":"2014-04-03T17:46:24","slug":"international-sea-turtle-expert-to-speak-at-stetson-law","status":"publish","type":"post","link":"https:\/\/www2.stetson.edu\/law\/news\/index.php\/2013\/02\/11\/international-sea-turtle-expert-to-speak-at-stetson-law\/","title":{"rendered":"International sea turtle expert Ver\u00f3nica C\u00e1ceres Chamorro discussed global collaboration, conservation at Stetson Law"},"content":{"rendered":"<p>Ver\u00f3nica C\u00e1ceres Chamorro, secretary pro tempore for the <a href=\"http:\/\/www.iacseaturtle.org\" target=\"_blank\">Inter-American Convention for the Protection and Conservation of Sea Turtles<\/a>, talked to Stetson University College of Law students on Feb. 20 about the need for global collaboration and conservation.<\/p>\n<figure id=\"attachment_11792\" aria-describedby=\"caption-attachment-11792\" style=\"width: 268px\" class=\"wp-caption alignright\"><a href=\"http:\/\/www.law.stetson.edu\/news\/wp-content\/uploads\/2013\/02\/Ver\u00f3nica-C\u00e1ceres_Royal-Gardner_CROP.jpg\"><img loading=\"lazy\" decoding=\"async\" class=\"size-medium wp-image-11792\" title=\"Ver\u00f3nica C\u00e1ceres and Professor Royal Gardner, director of Stetson's Institute for Biodiversity Law and Policy.\" src=\"http:\/\/www.law.stetson.edu\/news\/wp-content\/uploads\/2013\/02\/Ver\u00f3nica-C\u00e1ceres_Royal-Gardner_CROP-268x300.jpg\" alt=\"Ver\u00f3nica C\u00e1ceres and Professor Royal Gardner, director of Stetson's Institute for Biodiversity Law and Policy.\" width=\"268\" height=\"300\" \/><\/a><figcaption id=\"caption-attachment-11792\" class=\"wp-caption-text\">(L-R): Ver\u00f3nica C\u00e1ceres Chamorro and Professor Royal Gardner, director of Stetson&#8217;s Institute for Biodiversity Law and Policy. Photo by Charlyne Topiol.<\/figcaption><\/figure>\n<p>C\u00e1ceres Chamorro discussed threats to sea turtles including incidental capture from trawling gillnets and longline fishery, habitat loss like beach erosion on nesting beaches, and global climate change and pollution impacting turtle populations. She emphasized the need for international collaboration to protect the sea turtles that maintain healthy coral reefs and oceans and support the economies of nearby human communities in areas like the Caribbean.<\/p>\n<p>&#8220;At the end of the day, sea turtles connect us. They visit a lot of countries and it&#8217;s our responsibility to protect them,&#8221; said C\u00e1ceres Chamorro.<\/p>\n<p>The Inter-American Convention, which emphasizes a cooperative, non confrontational approach to resolving the problems that sea turtles face, includes 15 countries representing North, Central and South America.<\/p>\n<p>&#8220;We believe that working with the younger generation will really make a difference,&#8221;\u00a0C\u00e1ceres Chamorro told the law students attending her talk.<\/p>\n<p><strong><\/strong>C\u00e1ceres Chamorro&#8217;s talk, \u201cMaking Connections to Protect Sea Turtles and Their Habitats: The Inter-American Convention for the Protection and Conservation of Sea Turtles,\u201d was part of Stetson\u2019s Edward and Bonnie Foreman Biodiversity Lecture Series.<\/p>\n<p>The ongoing public lecture series, co-sponsored by Stetson\u2019s <a href=\"http:\/\/www.law.stetson.edu\/international\/biodiversity\/index.php\" target=\"_blank\">Institute for Biodiversity Law and Policy<\/a>, brings leading experts to campus to speak on a range of environmental topics.<\/p>\n","protected":false},"excerpt":{"rendered":"<p>Ver\u00f3nica C\u00e1ceres Chamorro, secretary pro tempore for the Inter-American Convention for the Protection and Conservation of Sea Turtles, talked to Stetson University College of Law students on Feb. 20 about the need for global collaboration and conservation. C\u00e1ceres Chamorro discussed threats to sea turtles including incidental capture from trawling gillnets and longline fishery, habitat loss [&hellip;]<\/p>\n","protected":false},"author":25,"featured_media":0,"comment_status":"closed","ping_status":"closed","sticky":false,"template":"","format":"standard","meta":{"footnotes":""},"categories":[3],"tags":[430,1370,1371,1372,1335,1369,1190],"class_list":["post-11627","post","type-post","status-publish","format-standard","hentry","category-news-1","tag-biodiversity","tag-climate-change","tag-coastal","tag-ecosystem","tag-marine","tag-sea-turtles","tag-stetson-today"],"yoast_head":"<!-- This site is optimized with the Yoast SEO plugin v28.3 - https:\/\/yoast.com\/product\/yoast-seo-wordpress\/ -->\n<title>International sea turtle expert Ver\u00f3nica C\u00e1ceres Chamorro discussed global collaboration, conservation at Stetson Law - Stetson Law News<\/title>\n<meta name=\"robots\" content=\"index, follow, max-snippet:-1, max-image-preview:large, max-video-preview:-1\" \/>\n<link rel=\"canonical\" href=\"https:\/\/www2.stetson.edu\/law\/news\/index.php\/2013\/02\/11\/international-sea-turtle-expert-to-speak-at-stetson-law\/\" \/>\n<meta property=\"og:locale\" content=\"en_US\" \/>\n<meta property=\"og:type\" content=\"article\" \/>\n<meta property=\"og:title\" content=\"International sea turtle expert Ver\u00f3nica C\u00e1ceres Chamorro discussed global collaboration, conservation at Stetson Law - Stetson Law News\" \/>\n<meta property=\"og:description\" content=\"Ver\u00f3nica C\u00e1ceres Chamorro, secretary pro tempore for the Inter-American Convention for the Protection and Conservation of Sea Turtles, talked to Stetson University College of Law students on Feb. 20 about the need for global collaboration and conservation. C\u00e1ceres Chamorro discussed threats to sea turtles including incidental capture from trawling gillnets and longline fishery, habitat loss [&hellip;]\" \/>\n<meta property=\"og:url\" content=\"https:\/\/www2.stetson.edu\/law\/news\/index.php\/2013\/02\/11\/international-sea-turtle-expert-to-speak-at-stetson-law\/\" \/>\n<meta property=\"og:site_name\" content=\"Stetson Law News\" \/>\n<meta property=\"article:published_time\" content=\"2013-02-11T19:54:05+00:00\" \/>\n<meta property=\"article:modified_time\" content=\"2014-04-03T17:46:24+00:00\" \/>\n<meta property=\"og:image\" content=\"http:\/\/www.law.stetson.edu\/news\/wp-content\/uploads\/2013\/02\/Ver\u00f3nica-C\u00e1ceres_Royal-Gardner_CROP-268x300.jpg\" \/>\n<meta name=\"author\" content=\"Ashley McKnight-Taylor\" \/>\n<meta name=\"twitter:label1\" content=\"Written by\" \/>\n\t<meta name=\"twitter:data1\" content=\"Ashley McKnight-Taylor\" \/>\n\t<meta name=\"twitter:label2\" content=\"Est. reading time\" \/>\n\t<meta name=\"twitter:data2\" content=\"1 minute\" \/>\n<script type=\"application\/ld+json\" class=\"yoast-schema-graph\">{\"@context\":\"https:\\\/\\\/schema.org\",\"@graph\":[{\"@type\":\"Article\",\"@id\":\"https:\\\/\\\/www2.stetson.edu\\\/law\\\/news\\\/index.php\\\/2013\\\/02\\\/11\\\/international-sea-turtle-expert-to-speak-at-stetson-law\\\/#article\",\"isPartOf\":{\"@id\":\"https:\\\/\\\/www2.stetson.edu\\\/law\\\/news\\\/index.php\\\/2013\\\/02\\\/11\\\/international-sea-turtle-expert-to-speak-at-stetson-law\\\/\"},\"author\":{\"name\":\"Ashley McKnight-Taylor\",\"@id\":\"https:\\\/\\\/www2.stetson.edu\\\/law\\\/news\\\/#\\\/schema\\\/person\\\/83abce307c65b375cdad58d579a9a613\"},\"headline\":\"International sea turtle expert Ver\u00f3nica C\u00e1ceres Chamorro discussed global collaboration, conservation at Stetson Law\",\"datePublished\":\"2013-02-11T19:54:05+00:00\",\"dateModified\":\"2014-04-03T17:46:24+00:00\",\"mainEntityOfPage\":{\"@id\":\"https:\\\/\\\/www2.stetson.edu\\\/law\\\/news\\\/index.php\\\/2013\\\/02\\\/11\\\/international-sea-turtle-expert-to-speak-at-stetson-law\\\/\"},\"wordCount\":293,\"keywords\":[\"biodiversity\",\"climate change\",\"coastal\",\"ecosystem\",\"Marine\",\"sea turtles\",\"Stetson-Today\"],\"articleSection\":[\"News\"],\"inLanguage\":\"en-US\"},{\"@type\":\"WebPage\",\"@id\":\"https:\\\/\\\/www2.stetson.edu\\\/law\\\/news\\\/index.php\\\/2013\\\/02\\\/11\\\/international-sea-turtle-expert-to-speak-at-stetson-law\\\/\",\"url\":\"https:\\\/\\\/www2.stetson.edu\\\/law\\\/news\\\/index.php\\\/2013\\\/02\\\/11\\\/international-sea-turtle-expert-to-speak-at-stetson-law\\\/\",\"name\":\"International sea turtle expert Ver\u00f3nica C\u00e1ceres Chamorro discussed global collaboration, conservation at Stetson Law - Stetson Law News\",\"isPartOf\":{\"@id\":\"https:\\\/\\\/www2.stetson.edu\\\/law\\\/news\\\/#website\"},\"datePublished\":\"2013-02-11T19:54:05+00:00\",\"dateModified\":\"2014-04-03T17:46:24+00:00\",\"author\":{\"@id\":\"https:\\\/\\\/www2.stetson.edu\\\/law\\\/news\\\/#\\\/schema\\\/person\\\/83abce307c65b375cdad58d579a9a613\"},\"breadcrumb\":{\"@id\":\"https:\\\/\\\/www2.stetson.edu\\\/law\\\/news\\\/index.php\\\/2013\\\/02\\\/11\\\/international-sea-turtle-expert-to-speak-at-stetson-law\\\/#breadcrumb\"},\"inLanguage\":\"en-US\",\"potentialAction\":[{\"@type\":\"ReadAction\",\"target\":[\"https:\\\/\\\/www2.stetson.edu\\\/law\\\/news\\\/index.php\\\/2013\\\/02\\\/11\\\/international-sea-turtle-expert-to-speak-at-stetson-law\\\/\"]}]},{\"@type\":\"BreadcrumbList\",\"@id\":\"https:\\\/\\\/www2.stetson.edu\\\/law\\\/news\\\/index.php\\\/2013\\\/02\\\/11\\\/international-sea-turtle-expert-to-speak-at-stetson-law\\\/#breadcrumb\",\"itemListElement\":[{\"@type\":\"ListItem\",\"position\":1,\"name\":\"Home\",\"item\":\"https:\\\/\\\/www2.stetson.edu\\\/law\\\/news\\\/\"},{\"@type\":\"ListItem\",\"position\":2,\"name\":\"International sea turtle expert Ver\u00f3nica C\u00e1ceres Chamorro discussed global collaboration, conservation at Stetson Law\"}]},{\"@type\":\"WebSite\",\"@id\":\"https:\\\/\\\/www2.stetson.edu\\\/law\\\/news\\\/#website\",\"url\":\"https:\\\/\\\/www2.stetson.edu\\\/law\\\/news\\\/\",\"name\":\"Stetson Law News\",\"description\":\"\",\"potentialAction\":[{\"@type\":\"SearchAction\",\"target\":{\"@type\":\"EntryPoint\",\"urlTemplate\":\"https:\\\/\\\/www2.stetson.edu\\\/law\\\/news\\\/?s={search_term_string}\"},\"query-input\":{\"@type\":\"PropertyValueSpecification\",\"valueRequired\":true,\"valueName\":\"search_term_string\"}}],\"inLanguage\":\"en-US\"},{\"@type\":\"Person\",\"@id\":\"https:\\\/\\\/www2.stetson.edu\\\/law\\\/news\\\/#\\\/schema\\\/person\\\/83abce307c65b375cdad58d579a9a613\",\"name\":\"Ashley McKnight-Taylor\",\"url\":\"https:\\\/\\\/www2.stetson.edu\\\/law\\\/news\\\/index.php\\\/author\\\/amcknighttaylor\\\/\"}]}<\/script>\n<!-- \/ Yoast SEO plugin. -->","yoast_head_json":{"title":"International sea turtle expert Ver\u00f3nica C\u00e1ceres Chamorro discussed global collaboration, conservation at Stetson Law - Stetson Law News","robots":{"index":"index","follow":"follow","max-snippet":"max-snippet:-1","max-image-preview":"max-image-preview:large","max-video-preview":"max-video-preview:-1"},"canonical":"https:\/\/www2.stetson.edu\/law\/news\/index.php\/2013\/02\/11\/international-sea-turtle-expert-to-speak-at-stetson-law\/","og_locale":"en_US","og_type":"article","og_title":"International sea turtle expert Ver\u00f3nica C\u00e1ceres Chamorro discussed global collaboration, conservation at Stetson Law - Stetson Law News","og_description":"Ver\u00f3nica C\u00e1ceres Chamorro, secretary pro tempore for the Inter-American Convention for the Protection and Conservation of Sea Turtles, talked to Stetson University College of Law students on Feb. 20 about the need for global collaboration and conservation. C\u00e1ceres Chamorro discussed threats to sea turtles including incidental capture from trawling gillnets and longline fishery, habitat loss [&hellip;]","og_url":"https:\/\/www2.stetson.edu\/law\/news\/index.php\/2013\/02\/11\/international-sea-turtle-expert-to-speak-at-stetson-law\/","og_site_name":"Stetson Law News","article_published_time":"2013-02-11T19:54:05+00:00","article_modified_time":"2014-04-03T17:46:24+00:00","og_image":[{"url":"http:\/\/www.law.stetson.edu\/news\/wp-content\/uploads\/2013\/02\/Ver\u00f3nica-C\u00e1ceres_Royal-Gardner_CROP-268x300.jpg","type":"","width":"","height":""}],"author":"Ashley McKnight-Taylor","twitter_misc":{"Written by":"Ashley McKnight-Taylor","Est. reading time":"1 minute"},"schema":{"@context":"https:\/\/schema.org","@graph":[{"@type":"Article","@id":"https:\/\/www2.stetson.edu\/law\/news\/index.php\/2013\/02\/11\/international-sea-turtle-expert-to-speak-at-stetson-law\/#article","isPartOf":{"@id":"https:\/\/www2.stetson.edu\/law\/news\/index.php\/2013\/02\/11\/international-sea-turtle-expert-to-speak-at-stetson-law\/"},"author":{"name":"Ashley McKnight-Taylor","@id":"https:\/\/www2.stetson.edu\/law\/news\/#\/schema\/person\/83abce307c65b375cdad58d579a9a613"},"headline":"International sea turtle expert Ver\u00f3nica C\u00e1ceres Chamorro discussed global collaboration, conservation at Stetson Law","datePublished":"2013-02-11T19:54:05+00:00","dateModified":"2014-04-03T17:46:24+00:00","mainEntityOfPage":{"@id":"https:\/\/www2.stetson.edu\/law\/news\/index.php\/2013\/02\/11\/international-sea-turtle-expert-to-speak-at-stetson-law\/"},"wordCount":293,"keywords":["biodiversity","climate change","coastal","ecosystem","Marine","sea turtles","Stetson-Today"],"articleSection":["News"],"inLanguage":"en-US"},{"@type":"WebPage","@id":"https:\/\/www2.stetson.edu\/law\/news\/index.php\/2013\/02\/11\/international-sea-turtle-expert-to-speak-at-stetson-law\/","url":"https:\/\/www2.stetson.edu\/law\/news\/index.php\/2013\/02\/11\/international-sea-turtle-expert-to-speak-at-stetson-law\/","name":"International sea turtle expert Ver\u00f3nica C\u00e1ceres Chamorro discussed global collaboration, conservation at Stetson Law - Stetson Law News","isPartOf":{"@id":"https:\/\/www2.stetson.edu\/law\/news\/#website"},"datePublished":"2013-02-11T19:54:05+00:00","dateModified":"2014-04-03T17:46:24+00:00","author":{"@id":"https:\/\/www2.stetson.edu\/law\/news\/#\/schema\/person\/83abce307c65b375cdad58d579a9a613"},"breadcrumb":{"@id":"https:\/\/www2.stetson.edu\/law\/news\/index.php\/2013\/02\/11\/international-sea-turtle-expert-to-speak-at-stetson-law\/#breadcrumb"},"inLanguage":"en-US","potentialAction":[{"@type":"ReadAction","target":["https:\/\/www2.stetson.edu\/law\/news\/index.php\/2013\/02\/11\/international-sea-turtle-expert-to-speak-at-stetson-law\/"]}]},{"@type":"BreadcrumbList","@id":"https:\/\/www2.stetson.edu\/law\/news\/index.php\/2013\/02\/11\/international-sea-turtle-expert-to-speak-at-stetson-law\/#breadcrumb","itemListElement":[{"@type":"ListItem","position":1,"name":"Home","item":"https:\/\/www2.stetson.edu\/law\/news\/"},{"@type":"ListItem","position":2,"name":"International sea turtle expert Ver\u00f3nica C\u00e1ceres Chamorro discussed global collaboration, conservation at Stetson Law"}]},{"@type":"WebSite","@id":"https:\/\/www2.stetson.edu\/law\/news\/#website","url":"https:\/\/www2.stetson.edu\/law\/news\/","name":"Stetson Law News","description":"","potentialAction":[{"@type":"SearchAction","target":{"@type":"EntryPoint","urlTemplate":"https:\/\/www2.stetson.edu\/law\/news\/?s={search_term_string}"},"query-input":{"@type":"PropertyValueSpecification","valueRequired":true,"valueName":"search_term_string"}}],"inLanguage":"en-US"},{"@type":"Person","@id":"https:\/\/www2.stetson.edu\/law\/news\/#\/schema\/person\/83abce307c65b375cdad58d579a9a613","name":"Ashley McKnight-Taylor","url":"https:\/\/www2.stetson.edu\/law\/news\/index.php\/author\/amcknighttaylor\/"}]}},"_links":{"self":[{"href":"https:\/\/www2.stetson.edu\/law\/news\/index.php\/wp-json\/wp\/v2\/posts\/11627","targetHints":{"allow":["GET"]}}],"collection":[{"href":"https:\/\/www2.stetson.edu\/law\/news\/index.php\/wp-json\/wp\/v2\/posts"}],"about":[{"href":"https:\/\/www2.stetson.edu\/law\/news\/index.php\/wp-json\/wp\/v2\/types\/post"}],"author":[{"embeddable":true,"href":"https:\/\/www2.stetson.edu\/law\/news\/index.php\/wp-json\/wp\/v2\/users\/25"}],"replies":[{"embeddable":true,"href":"https:\/\/www2.stetson.edu\/law\/news\/index.php\/wp-json\/wp\/v2\/comments?post=11627"}],"version-history":[{"count":13,"href":"https:\/\/www2.stetson.edu\/law\/news\/index.php\/wp-json\/wp\/v2\/posts\/11627\/revisions"}],"predecessor-version":[{"id":11632,"href":"https:\/\/www2.stetson.edu\/law\/news\/index.php\/wp-json\/wp\/v2\/posts\/11627\/revisions\/11632"}],"wp:attachment":[{"href":"https:\/\/www2.stetson.edu\/law\/news\/index.php\/wp-json\/wp\/v2\/media?parent=11627"}],"wp:term":[{"taxonomy":"category","embeddable":true,"href":"https:\/\/www2.stetson.edu\/law\/news\/index.php\/wp-json\/wp\/v2\/categories?post=11627"},{"taxonomy":"post_tag","embeddable":true,"href":"https:\/\/www2.stetson.edu\/law\/news\/index.php\/wp-json\/wp\/v2\/tags?post=11627"}],"curies":[{"name":"wp","href":"https:\/\/api.w.org\/{rel}","templated":true}]}}